{"id":3714,"date":"2024-05-17T11:13:08","date_gmt":"2024-05-17T10:13:08","guid":{"rendered":"https:\/\/www.paroisse-saint-melaine53.fr\/?p=3714"},"modified":"2024-05-17T11:13:09","modified_gmt":"2024-05-17T10:13:09","slug":"bapteme-en-age-scolaire","status":"publish","type":"post","link":"https:\/\/www.paroisse-saint-melaine53.fr\/?p=3714","title":{"rendered":"Bapt\u00eame en \u00e2ge scolaire"},"content":{"rendered":"\n<h2 class=\"wp-block-heading has-text-align-center has-neve-link-color-color has-text-color has-link-color wp-elements-e8bc0ebabfea4af944be6f9b896c69b2\">Bapt\u00eame en \u00e2ge scolaire<\/h2>\n\n\n\n<p>Nous avons la joie cette ann\u00e9e d&rsquo;accueillir dans la grande famille des enfants de Dieu, plusieurs jeunes et enfants en \u00e2ge scolaire. cela reste toujours un moment fort pour la vie de notre paroisse. Nous esp\u00e9rons que vous prendrai du plaisir \u00e0 partager ce temps en vid\u00e9o avec nous.<\/p>\n\n\n\n<h4 class=\"wp-block-heading has-text-align-center has-nv-c-2-color has-text-color has-link-color wp-elements-e347e106fa3981ef3d686ae8d5e7a7c8\" id=\"enoraetmelyne\">Le Bapt\u00eame d&rsquo;Enora et M\u00e9lyne &#8211; 21 avril 2024<\/h4>\n\n\n\n<figure class=\"wp-block-embed is-type-video is-provider-youtube wp-block-embed-youtube wp-embed-aspect-16-9 wp-has-aspect-ratio\"><div class=\"wp-block-embed__wrapper\">\n<div class=\"nv-iframe-embed\"><iframe title=\"Bapt\u00eame d&#039;Enora et de M\u00e9lyne \u00e0 l&#039;\u00e9glise d&#039;Argentr\u00e9\" width=\"1200\" height=\"675\" data-src=\"https:\/\/www.youtube.com\/embed\/D_1WM7_4sGU?feature=oembed\" frameborder=\"0\" allow=\"accelerometer; autoplay; clipboard-write; encrypted-media; gyroscope; picture-in-picture; web-share\" referrerpolicy=\"strict-origin-when-cross-origin\" allowfullscreen src=\"data:image\/svg+xml;base64,PHN2ZyB3aWR0aD0iMSIgaGVpZ2h0PSIxIiB4bWxucz0iaHR0cDovL3d3dy53My5vcmcvMjAwMC9zdmciPjwvc3ZnPg==\" class=\"lazyload\" data-load-mode=\"1\"><\/iframe><\/div>\n<\/div><\/figure>\n\n\n\n<p><\/p>\n\n\n\n<h4 class=\"wp-block-heading has-text-align-center has-nv-c-2-color has-text-color has-link-color wp-elements-dcca096e2f539d6ccf8f101136f89085\" id=\"marieetmaud\">Le Bapt\u00eame de Marie et Maud &#8211; 05 mai 2024<\/h4>\n\n\n\n<figure class=\"wp-block-embed is-type-video is-provider-youtube wp-block-embed-youtube wp-embed-aspect-16-9 wp-has-aspect-ratio\"><div class=\"wp-block-embed__wrapper\">\n<div class=\"nv-iframe-embed\"><iframe title=\"Bapt\u00eame Maud et Marie 12 Mai 2024\" width=\"1200\" height=\"675\" data-src=\"https:\/\/www.youtube.com\/embed\/QzT8JeC8QXk?feature=oembed\" frameborder=\"0\" allow=\"accelerometer; autoplay; clipboard-write; encrypted-media; gyroscope; picture-in-picture; web-share\" referrerpolicy=\"strict-origin-when-cross-origin\" allowfullscreen src=\"data:image\/svg+xml;base64,PHN2ZyB3aWR0aD0iMSIgaGVpZ2h0PSIxIiB4bWxucz0iaHR0cDovL3d3dy53My5vcmcvMjAwMC9zdmciPjwvc3ZnPg==\" class=\"lazyload\" data-load-mode=\"1\"><\/iframe><\/div>\n<\/div><\/figure>\n","protected":false},"excerpt":{"rendered":"<p>Bapt\u00eame en \u00e2ge scolaire Nous avons la joie cette ann\u00e9e d&rsquo;accueillir dans la grande famille des enfants de Dieu, plusieurs jeunes et enfants en \u00e2ge scolaire. cela reste toujours un moment fort pour la vie de notre paroisse. Nous esp\u00e9rons que vous prendrai du plaisir \u00e0 partager ce temps en vid\u00e9o avec nous. Le Bapt\u00eame&hellip;&nbsp;<a href=\"https:\/\/www.paroisse-saint-melaine53.fr\/?p=3714\" rel=\"bookmark\">Lire la suite &raquo;<span class=\"screen-reader-text\">Bapt\u00eame en \u00e2ge scolaire<\/span><\/a><\/p>\n","protected":false},"author":1,"featured_media":3715,"comment_status":"closed","ping_status":"closed","sticky":false,"template":"","format":"standard","meta":{"_acf_changed":false,"advgb_blocks_editor_width":"","advgb_blocks_columns_visual_guide":"","_monsterinsights_skip_tracking":false,"_monsterinsights_sitenote_active":false,"_monsterinsights_sitenote_note":"","_monsterinsights_sitenote_category":0,"neve_meta_sidebar":"full-width","neve_meta_container":"contained","neve_meta_enable_content_width":"on","neve_meta_content_width":50,"neve_meta_title_alignment":"center","neve_meta_author_avatar":"","neve_post_elements_order":"[\"content\",\"meta\",\"post-navigation\"]","neve_meta_disable_header":"","neve_meta_disable_footer":"","neve_meta_disable_title":"","footnotes":""},"categories":[36,1,37],"tags":[65],"class_list":["post-3714","post","type-post","status-publish","format-standard","has-post-thumbnail","hentry","category-accueil","category-actu","category-mouvement","tag-bapteme-en-age-scolaire"],"acf":[],"aioseo_notices":[],"author_meta":{"display_name":"Jean-Luc","author_link":"https:\/\/www.paroisse-saint-melaine53.fr\/?author=1"},"featured_img":"https:\/\/ml8u9mzc6rsf.i.optimole.com\/cb:Y0oE.2e511\/w:595\/h:446\/q:mauto\/f:best\/https:\/\/www.paroisse-saint-melaine53.fr\/wp-content\/uploads\/2024\/05\/IMG-20240114-WA0007.jpg","coauthors":[],"tax_additional":{"categories":{"linked":["<a href=\"https:\/\/www.paroisse-saint-melaine53.fr\/?cat=36\" class=\"advgb-post-tax-term\">Accueil<\/a>","<a href=\"https:\/\/www.paroisse-saint-melaine53.fr\/?cat=1\" class=\"advgb-post-tax-term\">Actualit\u00e9<\/a>","<a href=\"https:\/\/www.paroisse-saint-melaine53.fr\/?cat=37\" class=\"advgb-post-tax-term\">Mouvement<\/a>"],"unlinked":["<span class=\"advgb-post-tax-term\">Accueil<\/span>","<span class=\"advgb-post-tax-term\">Actualit\u00e9<\/span>","<span class=\"advgb-post-tax-term\">Mouvement<\/span>"]},"tags":{"linked":["<a href=\"https:\/\/www.paroisse-saint-melaine53.fr\/?cat=37\" class=\"advgb-post-tax-term\">Bapt\u00eame en \u00e2ge scolaire<\/a>"],"unlinked":["<span class=\"advgb-post-tax-term\">Bapt\u00eame en \u00e2ge scolaire<\/span>"]}},"comment_count":"0","relative_dates":{"created":"Publi\u00e9 2 ans il y a","modified":"Mis \u00e0 jour 2 ans il y a"},"absolute_dates":{"created":"Publi\u00e9 le 17 mai 2024","modified":"Mise \u00e0 jour le 17 mai 2024"},"absolute_dates_time":{"created":"Publi\u00e9 le 17 mai 2024 11 h 13 min","modified":"Mise \u00e0 jour le 17 mai 2024 11 h 13 min"},"featured_img_caption":"","series_order":"","_links":{"self":[{"href":"https:\/\/www.paroisse-saint-melaine53.fr\/index.php?rest_route=\/wp\/v2\/posts\/3714","targetHints":{"allow":["GET"]}}],"collection":[{"href":"https:\/\/www.paroisse-saint-melaine53.fr\/index.php?rest_route=\/wp\/v2\/posts"}],"about":[{"href":"https:\/\/www.paroisse-saint-melaine53.fr\/index.php?rest_route=\/wp\/v2\/types\/post"}],"author":[{"embeddable":true,"href":"https:\/\/www.paroisse-saint-melaine53.fr\/index.php?rest_route=\/wp\/v2\/users\/1"}],"replies":[{"embeddable":true,"href":"https:\/\/www.paroisse-saint-melaine53.fr\/index.php?rest_route=%2Fwp%2Fv2%2Fcomments&post=3714"}],"version-history":[{"count":1,"href":"https:\/\/www.paroisse-saint-melaine53.fr\/index.php?rest_route=\/wp\/v2\/posts\/3714\/revisions"}],"predecessor-version":[{"id":3716,"href":"https:\/\/www.paroisse-saint-melaine53.fr\/index.php?rest_route=\/wp\/v2\/posts\/3714\/revisions\/3716"}],"wp:featuredmedia":[{"embeddable":true,"href":"https:\/\/www.paroisse-saint-melaine53.fr\/index.php?rest_route=\/wp\/v2\/media\/3715"}],"wp:attachment":[{"href":"https:\/\/www.paroisse-saint-melaine53.fr\/index.php?rest_route=%2Fwp%2Fv2%2Fmedia&parent=3714"}],"wp:term":[{"taxonomy":"category","embeddable":true,"href":"https:\/\/www.paroisse-saint-melaine53.fr\/index.php?rest_route=%2Fwp%2Fv2%2Fcategories&post=3714"},{"taxonomy":"post_tag","embeddable":true,"href":"https:\/\/www.paroisse-saint-melaine53.fr\/index.php?rest_route=%2Fwp%2Fv2%2Ftags&post=3714"}],"curies":[{"name":"wp","href":"https:\/\/api.w.org\/{rel}","templated":true}]}}