{"id":5328,"date":"2026-01-26T10:52:35","date_gmt":"2026-01-26T09:52:35","guid":{"rendered":"https:\/\/www.paroisse-saint-melaine53.fr\/?p=5328"},"modified":"2026-01-26T17:50:49","modified_gmt":"2026-01-26T16:50:49","slug":"jmj-2026-de-la-mayenne","status":"publish","type":"post","link":"https:\/\/www.paroisse-saint-melaine53.fr\/?p=5328","title":{"rendered":"JMJ 2026 de la Mayenne"},"content":{"rendered":"\n<figure class=\"wp-block-image size-large\"><img data-opt-id=1162569367  fetchpriority=\"high\" decoding=\"async\" width=\"960\" height=\"1358\" data-src=\"https:\/\/ml8u9mzc6rsf.i.optimole.com\/cb:Y0oE.2e511\/w:763\/h:1080\/q:mauto\/f:best\/https:\/\/www.paroisse-saint-melaine53.fr\/wp-content\/uploads\/2026\/01\/JMJ-2.jpg\" alt=\"\" class=\"wp-image-5334 lazyload\" data-srcset=\"https:\/\/ml8u9mzc6rsf.i.optimole.com\/cb:Y0oE.2e511\/w:763\/h:1080\/q:mauto\/f:best\/https:\/\/www.paroisse-saint-melaine53.fr\/wp-content\/uploads\/2026\/01\/JMJ-2-scaled.jpg 960w, https:\/\/ml8u9mzc6rsf.i.optimole.com\/cb:Y0oE.2e511\/w:595\/h:841\/q:mauto\/f:best\/https:\/\/www.paroisse-saint-melaine53.fr\/wp-content\/uploads\/2026\/01\/JMJ-2-scaled.jpg 595w, https:\/\/ml8u9mzc6rsf.i.optimole.com\/cb:Y0oE.2e511\/w:763\/h:1080\/q:mauto\/f:best\/https:\/\/www.paroisse-saint-melaine53.fr\/wp-content\/uploads\/2026\/01\/JMJ-2-scaled.jpg 768w, https:\/\/ml8u9mzc6rsf.i.optimole.com\/cb:Y0oE.2e511\/w:600\/h:849\/q:mauto\/f:best\/https:\/\/www.paroisse-saint-melaine53.fr\/wp-content\/uploads\/2026\/01\/JMJ-2-scaled.jpg 600w, https:\/\/ml8u9mzc6rsf.i.optimole.com\/cb:Y0oE.2e511\/w:763\/h:1080\/q:mauto\/f:best\/https:\/\/www.paroisse-saint-melaine53.fr\/wp-content\/uploads\/2026\/01\/JMJ-2-scaled.jpg 1086w, https:\/\/ml8u9mzc6rsf.i.optimole.com\/cb:Y0oE.2e511\/w:763\/h:1080\/q:mauto\/f:best\/https:\/\/www.paroisse-saint-melaine53.fr\/wp-content\/uploads\/2026\/01\/JMJ-2-scaled.jpg 1448w, https:\/\/ml8u9mzc6rsf.i.optimole.com\/cb:Y0oE.2e511\/w:763\/h:1080\/q:mauto\/f:best\/https:\/\/www.paroisse-saint-melaine53.fr\/wp-content\/uploads\/2026\/01\/JMJ-2-scaled.jpg 1810w\" data-sizes=\"(max-width: 960px) 100vw, 960px\" src=\"data:image\/svg+xml;base64,PHN2ZyB3aWR0aD0iMSIgaGVpZ2h0PSIxIiB4bWxucz0iaHR0cDovL3d3dy53My5vcmcvMjAwMC9zdmciPjwvc3ZnPg==\" style=\"--smush-placeholder-width: 960px; --smush-placeholder-aspect-ratio: 960\/1358;\" \/><\/figure>\n\n\n\n<p>Les Journ\u00e9es Mayennaises de la Jeunesse reviennent !<\/p>\n\n\n\n<p>Forte de son succ\u00e8s en 2024, la seconde \u00e9dition des Journ\u00e9es Mayennaises de la Jeunesse (JmJ) se tiendra du&nbsp;<strong>jeudi 14 mai \u00e0 18 h au dimanche 17 mai 2026 \u00e0 12 h<\/strong>, lors du week-end de l\u2019Ascension, \u00e0 l\u2019ensemble scolaire&nbsp;<strong>Saint-Jean-Baptiste-de-la-Salle \u00e0 Laval (Mayenne)<\/strong>. Une occasion unique pour&nbsp;<strong>1 000 jeunes coll\u00e9giens et lyc\u00e9ens<\/strong>&nbsp;du d\u00e9partement de se r\u00e9unir pour quatre journ\u00e9es riches en rencontres, jeux, pri\u00e8res et chants.<\/p>\n\n\n\n<p><strong>Un programme riche et festif<\/strong><\/p>\n\n\n\n<p>Pendant ces quatre jours, les participants profiteront d\u2019un programme vari\u00e9 pour :<\/p>\n\n\n\n<ul class=\"wp-block-list\">\n<li><strong>Chanter&nbsp;<\/strong>: Le groupe de pop louange fran\u00e7ais&nbsp;<strong>Be Witness<\/strong>&nbsp;sera pr\u00e9sent pour offrir des moments musicaux vibrants.<\/li>\n\n\n\n<li><strong>Jouer<\/strong>&nbsp;: De nombreux jeux sportifs et cr\u00e9atifs seront organis\u00e9s pour favoriser la convivialit\u00e9.<\/li>\n\n\n\n<li><strong>Rencontrer<\/strong>&nbsp;: Des t\u00e9moins viendront partager leur histoire de vie aux jeunes mayennais de tout le dioc\u00e8se.<\/li>\n\n\n\n<li><strong>Prier<\/strong>&nbsp;: Pri\u00e8res, louange, adoration et messe rythmeront les Journ\u00e9es Mayennaises de la Jeunesse<\/li>\n<\/ul>\n\n\n\n<p><strong>Contact et renseignements<\/strong><\/p>\n\n\n\n<p>Pour toute question ou demande d\u2019information compl\u00e9mentaire, n\u2019h\u00e9sitez pas \u00e0 nous contacter par mail :<br>&nbsp;<strong>journeesmayennaisesjeunesse@gmail.com<\/strong><\/p>\n\n\n\n<figure class=\"wp-block-embed is-type-video is-provider-youtube wp-block-embed-youtube wp-embed-aspect-16-9 wp-has-aspect-ratio\"><div class=\"wp-block-embed__wrapper\">\n<div class=\"nv-iframe-embed\"><iframe title=\"Les Journ\u00e9es mayennaises de la Jeunesse reviennent !\" width=\"1200\" height=\"675\" data-src=\"https:\/\/www.youtube.com\/embed\/Bkp77fbGLNo?start=15&#038;feature=oembed\" frameborder=\"0\" allow=\"accelerometer; autoplay; clipboard-write; encrypted-media; gyroscope; picture-in-picture; web-share\" referrerpolicy=\"strict-origin-when-cross-origin\" allowfullscreen src=\"data:image\/svg+xml;base64,PHN2ZyB3aWR0aD0iMSIgaGVpZ2h0PSIxIiB4bWxucz0iaHR0cDovL3d3dy53My5vcmcvMjAwMC9zdmciPjwvc3ZnPg==\" class=\"lazyload\" data-load-mode=\"1\"><\/iframe><\/div>\n<\/div><\/figure>\n\n\n\n\n\n<p><\/p>\n","protected":false},"excerpt":{"rendered":"<p>Les Journ\u00e9es Mayennaises de la Jeunesse reviennent ! Forte de son succ\u00e8s en 2024, la seconde \u00e9dition des Journ\u00e9es Mayennaises de la Jeunesse (JmJ) se tiendra du&nbsp;jeudi 14 mai \u00e0 18 h au dimanche 17 mai 2026 \u00e0 12 h, lors du week-end de l\u2019Ascension, \u00e0 l\u2019ensemble scolaire&nbsp;Saint-Jean-Baptiste-de-la-Salle \u00e0 Laval (Mayenne). Une occasion unique pour&nbsp;1&hellip;&nbsp;<a href=\"https:\/\/www.paroisse-saint-melaine53.fr\/?p=5328\" rel=\"bookmark\">Lire la suite &raquo;<span class=\"screen-reader-text\">JMJ 2026 de la Mayenne<\/span><\/a><\/p>\n","protected":false},"author":7,"featured_media":5353,"comment_status":"closed","ping_status":"closed","sticky":false,"template":"","format":"standard","meta":{"_acf_changed":false,"advgb_blocks_editor_width":"","advgb_blocks_columns_visual_guide":"","_monsterinsights_skip_tracking":false,"_monsterinsights_sitenote_active":false,"_monsterinsights_sitenote_note":"","_monsterinsights_sitenote_category":0,"neve_meta_sidebar":"","neve_meta_container":"","neve_meta_enable_content_width":"","neve_meta_content_width":0,"neve_meta_title_alignment":"","neve_meta_author_avatar":"","neve_post_elements_order":"","neve_meta_disable_header":"","neve_meta_disable_footer":"","neve_meta_disable_title":"","footnotes":""},"categories":[1],"tags":[],"class_list":["post-5328","post","type-post","status-publish","format-standard","has-post-thumbnail","hentry","category-actu"],"acf":[],"aioseo_notices":[],"author_meta":{"display_name":"Michel Foucher","author_link":"https:\/\/www.paroisse-saint-melaine53.fr\/?author=7"},"featured_img":"https:\/\/ml8u9mzc6rsf.i.optimole.com\/cb:Y0oE.2e511\/w:auto\/h:auto\/q:mauto\/f:best\/https:\/\/www.paroisse-saint-melaine53.fr\/wp-content\/uploads\/2026\/01\/Titre.jpg","coauthors":[],"tax_additional":{"categories":{"linked":["<a href=\"https:\/\/www.paroisse-saint-melaine53.fr\/?cat=1\" class=\"advgb-post-tax-term\">Actualit\u00e9<\/a>"],"unlinked":["<span class=\"advgb-post-tax-term\">Actualit\u00e9<\/span>"]}},"comment_count":"0","relative_dates":{"created":"Publi\u00e9 3 mois il y a","modified":"Mis \u00e0 jour 3 mois il y a"},"absolute_dates":{"created":"Publi\u00e9 le 26 janvier 2026","modified":"Mise \u00e0 jour le 26 janvier 2026"},"absolute_dates_time":{"created":"Publi\u00e9 le 26 janvier 2026 10 h 52 min","modified":"Mise \u00e0 jour le 26 janvier 2026 17 h 50 min"},"featured_img_caption":"","series_order":"","_links":{"self":[{"href":"https:\/\/www.paroisse-saint-melaine53.fr\/index.php?rest_route=\/wp\/v2\/posts\/5328","targetHints":{"allow":["GET"]}}],"collection":[{"href":"https:\/\/www.paroisse-saint-melaine53.fr\/index.php?rest_route=\/wp\/v2\/posts"}],"about":[{"href":"https:\/\/www.paroisse-saint-melaine53.fr\/index.php?rest_route=\/wp\/v2\/types\/post"}],"author":[{"embeddable":true,"href":"https:\/\/www.paroisse-saint-melaine53.fr\/index.php?rest_route=\/wp\/v2\/users\/7"}],"replies":[{"embeddable":true,"href":"https:\/\/www.paroisse-saint-melaine53.fr\/index.php?rest_route=%2Fwp%2Fv2%2Fcomments&post=5328"}],"version-history":[{"count":5,"href":"https:\/\/www.paroisse-saint-melaine53.fr\/index.php?rest_route=\/wp\/v2\/posts\/5328\/revisions"}],"predecessor-version":[{"id":5337,"href":"https:\/\/www.paroisse-saint-melaine53.fr\/index.php?rest_route=\/wp\/v2\/posts\/5328\/revisions\/5337"}],"wp:featuredmedia":[{"embeddable":true,"href":"https:\/\/www.paroisse-saint-melaine53.fr\/index.php?rest_route=\/wp\/v2\/media\/5353"}],"wp:attachment":[{"href":"https:\/\/www.paroisse-saint-melaine53.fr\/index.php?rest_route=%2Fwp%2Fv2%2Fmedia&parent=5328"}],"wp:term":[{"taxonomy":"category","embeddable":true,"href":"https:\/\/www.paroisse-saint-melaine53.fr\/index.php?rest_route=%2Fwp%2Fv2%2Fcategories&post=5328"},{"taxonomy":"post_tag","embeddable":true,"href":"https:\/\/www.paroisse-saint-melaine53.fr\/index.php?rest_route=%2Fwp%2Fv2%2Ftags&post=5328"}],"curies":[{"name":"wp","href":"https:\/\/api.w.org\/{rel}","templated":true}]}}