{"id":5502,"date":"2026-08-31T20:20:32","date_gmt":"2026-08-31T19:20:32","guid":{"rendered":"https:\/\/www.paroisse-saint-melaine53.fr\/?p=5502"},"modified":"2026-08-31T20:20:35","modified_gmt":"2026-08-31T19:20:35","slug":"premiere-des-communions","status":"publish","type":"post","link":"https:\/\/www.paroisse-saint-melaine53.fr\/?p=5502","title":{"rendered":"Premi\u00e8re des communions"},"content":{"rendered":"\n<p class=\"wp-block-paragraph\">La paroisse vous propose d\u2019inscrire votre enfant  \u00e0 la pr\u00e9paration \u00e0 la 1\u00e8re des communions. Ce sont des temps de rencontre o\u00f9 les enfants d\u00e9couvrent l\u2019\u00c9vangile \u00e0 travers des \u00e9changes, des jeux, des activit\u00e9s et des temps de pri\u00e8re, dans une ambiance joyeuse et conviviale.<br>Chaque enfant est le bienvenu, qu\u2019il ait d\u00e9j\u00e0 commenc\u00e9 un chemin de foi ou qu\u2019il souhaite simplement d\u00e9couvrir qui est J\u00e9sus.<br>N\u2019h\u00e9sitez pas \u00e0 venir vous renseigner et \u00e0 inscrire votre enfant. Nous serons heureux de l\u2019accueillir !<br>Le QR code ci-apr\u00e8s vous permet de l\u2019inscrire : <\/p>\n\n\n\n<figure class=\"wp-block-image size-full\"><img data-opt-id=1643074297  fetchpriority=\"high\" decoding=\"async\" width=\"262\" height=\"250\" data-src=\"https:\/\/ml8u9mzc6rsf.i.optimole.com\/cb:Y0oE.2e511\/w:auto\/h:auto\/q:mauto\/f:best\/https:\/\/www.paroisse-saint-melaine53.fr\/wp-content\/uploads\/2026\/08\/image-1.png\" alt=\"\" class=\"wp-image-5503 lazyload\" src=\"data:image\/svg+xml;base64,PHN2ZyB3aWR0aD0iMSIgaGVpZ2h0PSIxIiB4bWxucz0iaHR0cDovL3d3dy53My5vcmcvMjAwMC9zdmciPjwvc3ZnPg==\" style=\"--smush-placeholder-width: 262px; --smush-placeholder-aspect-ratio: 262\/250;\" \/><\/figure>\n","protected":false},"excerpt":{"rendered":"<p>La paroisse vous propose d\u2019inscrire votre enfant \u00e0 la pr\u00e9paration \u00e0 la 1\u00e8re des communions. Ce sont des temps de rencontre o\u00f9 les enfants d\u00e9couvrent l\u2019\u00c9vangile \u00e0 travers des \u00e9changes, des jeux, des activit\u00e9s et des temps de pri\u00e8re, dans une ambiance joyeuse et conviviale.Chaque enfant est le bienvenu, qu\u2019il ait d\u00e9j\u00e0 commenc\u00e9 un chemin&hellip;&nbsp;<a href=\"https:\/\/www.paroisse-saint-melaine53.fr\/?p=5502\" rel=\"bookmark\">Lire la suite &raquo;<span class=\"screen-reader-text\">Premi\u00e8re des communions<\/span><\/a><\/p>\n","protected":false},"author":7,"featured_media":5501,"comment_status":"closed","ping_status":"closed","sticky":false,"template":"","format":"standard","meta":{"_acf_changed":false,"advgb_blocks_editor_width":"","advgb_blocks_columns_visual_guide":"","_monsterinsights_skip_tracking":false,"neve_meta_sidebar":"","neve_meta_container":"","neve_meta_enable_content_width":"","neve_meta_content_width":0,"neve_meta_title_alignment":"","neve_meta_author_avatar":"","neve_post_elements_order":"","neve_meta_disable_header":"","neve_meta_disable_footer":"","neve_meta_disable_title":"","footnotes":"","_members_access_role":[],"_members_access_error":""},"categories":[1],"tags":[],"class_list":["post-5502","post","type-post","status-publish","format-standard","has-post-thumbnail","hentry","category-actu"],"acf":[],"aioseo_notices":[],"aioseo_head":"\n\t\t<!-- All in One SEO 5.0.1.1 - aioseo.com -->\n\t<meta name=\"description\" content=\"La paroisse vous propose d\u2019inscrire votre enfant \u00e0 la pr\u00e9paration \u00e0 la 1\u00e8re des communions. Ce sont des temps de rencontre o\u00f9 les enfants d\u00e9couvrent l\u2019\u00c9vangile \u00e0 travers des \u00e9changes, des jeux, des activit\u00e9s et des temps de pri\u00e8re, dans une ambiance joyeuse et conviviale.Chaque enfant est le bienvenu, qu\u2019il ait d\u00e9j\u00e0 commenc\u00e9 un chemin\" \/>\n\t<meta name=\"robots\" content=\"max-image-preview:large\" \/>\n\t<meta name=\"author\" content=\"Michel Foucher\"\/>\n\t<link rel=\"canonical\" href=\"https:\/\/www.paroisse-saint-melaine53.fr\/?p=5502\" \/>\n\t<meta name=\"generator\" content=\"All in One SEO (AIOSEO) 5.0.1.1\" \/>\n\t\t<meta property=\"og:locale\" content=\"fr_FR\" \/>\n\t\t<meta property=\"og:site_name\" content=\"Paroisse Saint-Melaine en Val de Jouanne -\" \/>\n\t\t<meta property=\"og:type\" content=\"article\" \/>\n\t\t<meta property=\"og:title\" content=\"Premi\u00e8re des communions - Paroisse Saint-Melaine en Val de Jouanne\" \/>\n\t\t<meta property=\"og:description\" content=\"La paroisse vous propose d\u2019inscrire votre enfant \u00e0 la pr\u00e9paration \u00e0 la 1\u00e8re des communions. Ce sont des temps de rencontre o\u00f9 les enfants d\u00e9couvrent l\u2019\u00c9vangile \u00e0 travers des \u00e9changes, des jeux, des activit\u00e9s et des temps de pri\u00e8re, dans une ambiance joyeuse et conviviale.Chaque enfant est le bienvenu, qu\u2019il ait d\u00e9j\u00e0 commenc\u00e9 un chemin\" \/>\n\t\t<meta property=\"og:url\" content=\"https:\/\/www.paroisse-saint-melaine53.fr\/?p=5502\" \/>\n\t\t<meta property=\"article:published_time\" content=\"2026-08-31T19:20:32+00:00\" \/>\n\t\t<meta property=\"article:modified_time\" content=\"2026-08-31T19:20:35+00:00\" \/>\n\t\t<meta name=\"twitter:card\" content=\"summary_large_image\" \/>\n\t\t<meta name=\"twitter:title\" content=\"Premi\u00e8re des communions - Paroisse Saint-Melaine en Val de Jouanne\" \/>\n\t\t<meta name=\"twitter:description\" content=\"La paroisse vous propose d\u2019inscrire votre enfant \u00e0 la pr\u00e9paration \u00e0 la 1\u00e8re des communions. Ce sont des temps de rencontre o\u00f9 les enfants d\u00e9couvrent l\u2019\u00c9vangile \u00e0 travers des \u00e9changes, des jeux, des activit\u00e9s et des temps de pri\u00e8re, dans une ambiance joyeuse et conviviale.Chaque enfant est le bienvenu, qu\u2019il ait d\u00e9j\u00e0 commenc\u00e9 un chemin\" \/>\n\t\t<script type=\"application\/ld+json\" class=\"aioseo-schema\">\n\t\t\t{\"@context\":\"https:\\\/\\\/schema.org\",\"@graph\":[{\"@type\":\"BlogPosting\",\"@id\":\"https:\\\/\\\/www.paroisse-saint-melaine53.fr\\\/?p=5502#blogposting\",\"name\":\"Premi\\u00e8re des communions - Paroisse Saint-Melaine en Val de Jouanne\",\"headline\":\"Premi\\u00e8re des communions\",\"author\":{\"@id\":\"https:\\\/\\\/www.paroisse-saint-melaine53.fr\\\/?author=7#author\"},\"publisher\":{\"@id\":\"https:\\\/\\\/www.paroisse-saint-melaine53.fr\\\/#organization\"},\"image\":{\"@type\":\"ImageObject\",\"url\":\"https:\\/\\/www.paroisse-saint-melaine53.fr\\/wp-content\\/uploads\\/2026\\/08\\/Premiere-communion.jpg\",\"width\":379,\"height\":568},\"datePublished\":\"2026-08-31T20:20:32+01:00\",\"dateModified\":\"2026-08-31T20:20:35+01:00\",\"inLanguage\":\"fr-FR\",\"mainEntityOfPage\":{\"@id\":\"https:\\\/\\\/www.paroisse-saint-melaine53.fr\\\/?p=5502#webpage\"},\"isPartOf\":{\"@id\":\"https:\\\/\\\/www.paroisse-saint-melaine53.fr\\\/?p=5502#webpage\"},\"articleSection\":\"Actualit\\u00e9\"},{\"@type\":\"BreadcrumbList\",\"@id\":\"https:\\\/\\\/www.paroisse-saint-melaine53.fr\\\/?p=5502#breadcrumblist\",\"itemListElement\":[{\"@type\":\"ListItem\",\"@id\":\"https:\\\/\\\/www.paroisse-saint-melaine53.fr#listItem\",\"position\":1,\"name\":\"Domicile\",\"item\":\"https:\\\/\\\/www.paroisse-saint-melaine53.fr\",\"nextItem\":{\"@type\":\"ListItem\",\"@id\":\"https:\\\/\\\/www.paroisse-saint-melaine53.fr\\\/?cat=36#listItem\",\"name\":\"Accueil\"}},{\"@type\":\"ListItem\",\"@id\":\"https:\\\/\\\/www.paroisse-saint-melaine53.fr\\\/?cat=36#listItem\",\"position\":2,\"name\":\"Accueil\",\"item\":\"https:\\\/\\\/www.paroisse-saint-melaine53.fr\\\/?cat=36\",\"nextItem\":{\"@type\":\"ListItem\",\"@id\":\"https:\\\/\\\/www.paroisse-saint-melaine53.fr\\\/?cat=1#listItem\",\"name\":\"Actualit\\u00e9\"},\"previousItem\":{\"@type\":\"ListItem\",\"@id\":\"https:\\\/\\\/www.paroisse-saint-melaine53.fr#listItem\",\"name\":\"Domicile\"}},{\"@type\":\"ListItem\",\"@id\":\"https:\\\/\\\/www.paroisse-saint-melaine53.fr\\\/?cat=1#listItem\",\"position\":3,\"name\":\"Actualit\\u00e9\",\"item\":\"https:\\\/\\\/www.paroisse-saint-melaine53.fr\\\/?cat=1\",\"nextItem\":{\"@type\":\"ListItem\",\"@id\":\"https:\\\/\\\/www.paroisse-saint-melaine53.fr\\\/?p=5502#listItem\",\"name\":\"Premi\\u00e8re des communions\"},\"previousItem\":{\"@type\":\"ListItem\",\"@id\":\"https:\\\/\\\/www.paroisse-saint-melaine53.fr\\\/?cat=36#listItem\",\"name\":\"Accueil\"}},{\"@type\":\"ListItem\",\"@id\":\"https:\\\/\\\/www.paroisse-saint-melaine53.fr\\\/?p=5502#listItem\",\"position\":4,\"name\":\"Premi\\u00e8re des communions\",\"previousItem\":{\"@type\":\"ListItem\",\"@id\":\"https:\\\/\\\/www.paroisse-saint-melaine53.fr\\\/?cat=1#listItem\",\"name\":\"Actualit\\u00e9\"}}]},{\"@type\":\"Organization\",\"@id\":\"https:\\\/\\\/www.paroisse-saint-melaine53.fr\\\/#organization\",\"name\":\"Paroisse Saint-Melaine en Val de Jouanne\",\"url\":\"https:\\\/\\\/www.paroisse-saint-melaine53.fr\\\/\"},{\"@type\":\"Person\",\"@id\":\"https:\\\/\\\/www.paroisse-saint-melaine53.fr\\\/?author=7#author\",\"url\":\"https:\\\/\\\/www.paroisse-saint-melaine53.fr\\\/?author=7\",\"name\":\"Michel Foucher\",\"image\":{\"@type\":\"ImageObject\",\"@id\":\"https:\\\/\\\/www.paroisse-saint-melaine53.fr\\\/?p=5502#authorImage\",\"url\":\"https:\\\/\\\/secure.gravatar.com\\\/avatar\\\/a5ca74dfcf07a8a3866e670263a850baca7efd73b0cbc504c8454d45098f55d2?s=96&d=mm&r=g\",\"width\":96,\"height\":96,\"caption\":\"Michel Foucher\"}},{\"@type\":\"WebPage\",\"@id\":\"https:\\\/\\\/www.paroisse-saint-melaine53.fr\\\/?p=5502#webpage\",\"url\":\"https:\\\/\\\/www.paroisse-saint-melaine53.fr\\\/?p=5502\",\"name\":\"Premi\\u00e8re des communions - Paroisse Saint-Melaine en Val de Jouanne\",\"description\":\"La paroisse vous propose d\\u2019inscrire votre enfant \\u00e0 la pr\\u00e9paration \\u00e0 la 1\\u00e8re des communions. Ce sont des temps de rencontre o\\u00f9 les enfants d\\u00e9couvrent l\\u2019\\u00c9vangile \\u00e0 travers des \\u00e9changes, des jeux, des activit\\u00e9s et des temps de pri\\u00e8re, dans une ambiance joyeuse et conviviale.Chaque enfant est le bienvenu, qu\\u2019il ait d\\u00e9j\\u00e0 commenc\\u00e9 un chemin\",\"inLanguage\":\"fr-FR\",\"isPartOf\":{\"@id\":\"https:\\\/\\\/www.paroisse-saint-melaine53.fr\\\/#website\"},\"breadcrumb\":{\"@id\":\"https:\\\/\\\/www.paroisse-saint-melaine53.fr\\\/?p=5502#breadcrumblist\"},\"author\":{\"@id\":\"https:\\\/\\\/www.paroisse-saint-melaine53.fr\\\/?author=7#author\"},\"creator\":{\"@id\":\"https:\\\/\\\/www.paroisse-saint-melaine53.fr\\\/?author=7#author\"},\"image\":{\"@type\":\"ImageObject\",\"url\":\"https:\\/\\/www.paroisse-saint-melaine53.fr\\/wp-content\\/uploads\\/2026\\/08\\/Premiere-communion.jpg\",\"@id\":\"https:\\\/\\\/www.paroisse-saint-melaine53.fr\\\/?p=5502\\\/#mainImage\",\"width\":379,\"height\":568},\"primaryImageOfPage\":{\"@id\":\"https:\\\/\\\/www.paroisse-saint-melaine53.fr\\\/?p=5502#mainImage\"},\"datePublished\":\"2026-08-31T20:20:32+01:00\",\"dateModified\":\"2026-08-31T20:20:35+01:00\"},{\"@type\":\"WebSite\",\"@id\":\"https:\\\/\\\/www.paroisse-saint-melaine53.fr\\\/#website\",\"url\":\"https:\\\/\\\/www.paroisse-saint-melaine53.fr\\\/\",\"name\":\"Paroisse Saint-Melaine en Val de Jouanne\",\"inLanguage\":\"fr-FR\",\"publisher\":{\"@id\":\"https:\\\/\\\/www.paroisse-saint-melaine53.fr\\\/#organization\"}}]}\n\t\t<\/script>\n\t\t<!-- All in One SEO -->\n\n","aioseo_head_json":{"title":"Premi\u00e8re des communions - Paroisse Saint-Melaine en Val de Jouanne","description":"La paroisse vous propose d\u2019inscrire votre enfant \u00e0 la pr\u00e9paration \u00e0 la 1\u00e8re des communions. Ce sont des temps de rencontre o\u00f9 les enfants d\u00e9couvrent l\u2019\u00c9vangile \u00e0 travers des \u00e9changes, des jeux, des activit\u00e9s et des temps de pri\u00e8re, dans une ambiance joyeuse et conviviale.Chaque enfant est le bienvenu, qu\u2019il ait d\u00e9j\u00e0 commenc\u00e9 un chemin","canonical_url":"https:\/\/www.paroisse-saint-melaine53.fr\/?p=5502","robots":"max-image-preview:large","keywords":"","webmasterTools":{"miscellaneous":""},"schema":{"@context":"https:\/\/schema.org","@graph":[{"@type":"BlogPosting","@id":"https:\/\/www.paroisse-saint-melaine53.fr\/?p=5502#blogposting","name":"Premi\u00e8re des communions - Paroisse Saint-Melaine en Val de Jouanne","headline":"Premi\u00e8re des communions","author":{"@id":"https:\/\/www.paroisse-saint-melaine53.fr\/?author=7#author"},"publisher":{"@id":"https:\/\/www.paroisse-saint-melaine53.fr\/#organization"},"image":{"@type":"ImageObject","url":"https:\/\/ml8u9mzc6rsf.i.optimole.com\/cb:Y0oE.2e511\/w:auto\/h:auto\/q:mauto\/f:best\/https:\/\/www.paroisse-saint-melaine53.fr\/wp-content\/uploads\/2026\/08\/Premiere-communion.jpg","width":379,"height":568},"datePublished":"2026-08-31T20:20:32+01:00","dateModified":"2026-08-31T20:20:35+01:00","inLanguage":"fr-FR","mainEntityOfPage":{"@id":"https:\/\/www.paroisse-saint-melaine53.fr\/?p=5502#webpage"},"isPartOf":{"@id":"https:\/\/www.paroisse-saint-melaine53.fr\/?p=5502#webpage"},"articleSection":"Actualit\u00e9"},{"@type":"BreadcrumbList","@id":"https:\/\/www.paroisse-saint-melaine53.fr\/?p=5502#breadcrumblist","itemListElement":[{"@type":"ListItem","@id":"https:\/\/www.paroisse-saint-melaine53.fr#listItem","position":1,"name":"Domicile","item":"https:\/\/www.paroisse-saint-melaine53.fr","nextItem":{"@type":"ListItem","@id":"https:\/\/www.paroisse-saint-melaine53.fr\/?cat=36#listItem","name":"Accueil"}},{"@type":"ListItem","@id":"https:\/\/www.paroisse-saint-melaine53.fr\/?cat=36#listItem","position":2,"name":"Accueil","item":"https:\/\/www.paroisse-saint-melaine53.fr\/?cat=36","nextItem":{"@type":"ListItem","@id":"https:\/\/www.paroisse-saint-melaine53.fr\/?cat=1#listItem","name":"Actualit\u00e9"},"previousItem":{"@type":"ListItem","@id":"https:\/\/www.paroisse-saint-melaine53.fr#listItem","name":"Domicile"}},{"@type":"ListItem","@id":"https:\/\/www.paroisse-saint-melaine53.fr\/?cat=1#listItem","position":3,"name":"Actualit\u00e9","item":"https:\/\/www.paroisse-saint-melaine53.fr\/?cat=1","nextItem":{"@type":"ListItem","@id":"https:\/\/www.paroisse-saint-melaine53.fr\/?p=5502#listItem","name":"Premi\u00e8re des communions"},"previousItem":{"@type":"ListItem","@id":"https:\/\/www.paroisse-saint-melaine53.fr\/?cat=36#listItem","name":"Accueil"}},{"@type":"ListItem","@id":"https:\/\/www.paroisse-saint-melaine53.fr\/?p=5502#listItem","position":4,"name":"Premi\u00e8re des communions","previousItem":{"@type":"ListItem","@id":"https:\/\/www.paroisse-saint-melaine53.fr\/?cat=1#listItem","name":"Actualit\u00e9"}}]},{"@type":"Organization","@id":"https:\/\/www.paroisse-saint-melaine53.fr\/#organization","name":"Paroisse Saint-Melaine en Val de Jouanne","url":"https:\/\/www.paroisse-saint-melaine53.fr\/"},{"@type":"Person","@id":"https:\/\/www.paroisse-saint-melaine53.fr\/?author=7#author","url":"https:\/\/www.paroisse-saint-melaine53.fr\/?author=7","name":"Michel Foucher","image":{"@type":"ImageObject","@id":"https:\/\/www.paroisse-saint-melaine53.fr\/?p=5502#authorImage","url":"https:\/\/secure.gravatar.com\/avatar\/a5ca74dfcf07a8a3866e670263a850baca7efd73b0cbc504c8454d45098f55d2?s=96&d=mm&r=g","width":96,"height":96,"caption":"Michel Foucher"}},{"@type":"WebPage","@id":"https:\/\/www.paroisse-saint-melaine53.fr\/?p=5502#webpage","url":"https:\/\/www.paroisse-saint-melaine53.fr\/?p=5502","name":"Premi\u00e8re des communions - Paroisse Saint-Melaine en Val de Jouanne","description":"La paroisse vous propose d\u2019inscrire votre enfant \u00e0 la pr\u00e9paration \u00e0 la 1\u00e8re des communions. Ce sont des temps de rencontre o\u00f9 les enfants d\u00e9couvrent l\u2019\u00c9vangile \u00e0 travers des \u00e9changes, des jeux, des activit\u00e9s et des temps de pri\u00e8re, dans une ambiance joyeuse et conviviale.Chaque enfant est le bienvenu, qu\u2019il ait d\u00e9j\u00e0 commenc\u00e9 un chemin","inLanguage":"fr-FR","isPartOf":{"@id":"https:\/\/www.paroisse-saint-melaine53.fr\/#website"},"breadcrumb":{"@id":"https:\/\/www.paroisse-saint-melaine53.fr\/?p=5502#breadcrumblist"},"author":{"@id":"https:\/\/www.paroisse-saint-melaine53.fr\/?author=7#author"},"creator":{"@id":"https:\/\/www.paroisse-saint-melaine53.fr\/?author=7#author"},"image":{"@type":"ImageObject","url":"https:\/\/ml8u9mzc6rsf.i.optimole.com\/cb:Y0oE.2e511\/w:auto\/h:auto\/q:mauto\/f:best\/https:\/\/www.paroisse-saint-melaine53.fr\/wp-content\/uploads\/2026\/08\/Premiere-communion.jpg","@id":"https:\/\/www.paroisse-saint-melaine53.fr\/?p=5502\/#mainImage","width":379,"height":568},"primaryImageOfPage":{"@id":"https:\/\/www.paroisse-saint-melaine53.fr\/?p=5502#mainImage"},"datePublished":"2026-08-31T20:20:32+01:00","dateModified":"2026-08-31T20:20:35+01:00"},{"@type":"WebSite","@id":"https:\/\/www.paroisse-saint-melaine53.fr\/#website","url":"https:\/\/www.paroisse-saint-melaine53.fr\/","name":"Paroisse Saint-Melaine en Val de Jouanne","inLanguage":"fr-FR","publisher":{"@id":"https:\/\/www.paroisse-saint-melaine53.fr\/#organization"}}]},"og:locale":"fr_FR","og:site_name":"Paroisse Saint-Melaine en Val de Jouanne -","og:type":"article","og:title":"Premi\u00e8re des communions - Paroisse Saint-Melaine en Val de Jouanne","og:description":"La paroisse vous propose d\u2019inscrire votre enfant \u00e0 la pr\u00e9paration \u00e0 la 1\u00e8re des communions. Ce sont des temps de rencontre o\u00f9 les enfants d\u00e9couvrent l\u2019\u00c9vangile \u00e0 travers des \u00e9changes, des jeux, des activit\u00e9s et des temps de pri\u00e8re, dans une ambiance joyeuse et conviviale.Chaque enfant est le bienvenu, qu\u2019il ait d\u00e9j\u00e0 commenc\u00e9 un chemin","og:url":"https:\/\/www.paroisse-saint-melaine53.fr\/?p=5502","article:published_time":"2026-08-31T19:20:32+00:00","article:modified_time":"2026-08-31T19:20:35+00:00","twitter:card":"summary_large_image","twitter:title":"Premi\u00e8re des communions - Paroisse Saint-Melaine en Val de Jouanne","twitter:description":"La paroisse vous propose d\u2019inscrire votre enfant \u00e0 la pr\u00e9paration \u00e0 la 1\u00e8re des communions. Ce sont des temps de rencontre o\u00f9 les enfants d\u00e9couvrent l\u2019\u00c9vangile \u00e0 travers des \u00e9changes, des jeux, des activit\u00e9s et des temps de pri\u00e8re, dans une ambiance joyeuse et conviviale.Chaque enfant est le bienvenu, qu\u2019il ait d\u00e9j\u00e0 commenc\u00e9 un chemin"},"aioseo_meta_data":{"post_id":"5502","title":null,"description":null,"keywords":null,"keyphrases":{"focus":{"keyphrase":"","score":0,"analysis":{"keyphraseInTitle":{"score":0,"maxScore":9,"error":1}}},"additional":[]},"primary_term":null,"canonical_url":null,"og_title":null,"og_description":null,"og_object_type":"default","og_image_type":"default","og_image_url":null,"og_image_width":null,"og_image_height":null,"og_image_custom_url":null,"og_image_custom_fields":null,"og_video":"","og_custom_url":null,"og_article_section":null,"og_article_tags":null,"twitter_use_og":false,"twitter_card":"default","twitter_image_type":"default","twitter_image_url":null,"twitter_image_custom_url":null,"twitter_image_custom_fields":null,"twitter_title":null,"twitter_description":null,"schema":{"blockGraphs":[],"customGraphs":[],"default":{"data":{"Article":[],"Course":[],"Dataset":[],"FAQPage":[],"Movie":[],"Person":[],"Product":[],"ProductReview":[],"Car":[],"Recipe":[],"Service":[],"SoftwareApplication":[],"WebPage":[]},"graphName":"BlogPosting","isEnabled":true},"graphs":[]},"schema_type":"default","schema_type_options":null,"pillar_content":false,"robots_default":true,"robots_noindex":false,"robots_noarchive":false,"robots_nosnippet":false,"robots_nofollow":false,"robots_noimageindex":false,"robots_noodp":false,"robots_notranslate":false,"robots_max_snippet":"-1","robots_max_videopreview":"-1","robots_max_imagepreview":"large","priority":null,"frequency":"default","local_seo":null,"breadcrumb_settings":null,"limit_modified_date":false,"ai":{"faqs":[],"keyPoints":[],"schemas":[],"titles":[],"descriptions":[],"socialPosts":{"email":{"subject":"","preview":"","content":""},"linkedin":[],"twitter":[],"facebook":[],"instagram":[]}},"created":"2026-08-31 19:20:35","updated":"2026-08-31 19:20:35","seo_analyzer_scan_date":null,"focus_keyword":null,"additional_keywords":null,"truseo_locale":null},"aioseo_breadcrumb":"<div class=\"aioseo-breadcrumbs\"><span class=\"aioseo-breadcrumb\">\n\t\t\t<a href=\"https:\/\/www.paroisse-saint-melaine53.fr\" title=\"Domicile\">Domicile<\/a>\n\t\t<\/span><span class=\"aioseo-breadcrumb-separator\">&raquo;<\/span><span class=\"aioseo-breadcrumb\">\n\t\t\t<a href=\"https:\/\/www.paroisse-saint-melaine53.fr\/?cat=36\" title=\"Accueil\">Accueil<\/a>\n\t\t<\/span><span class=\"aioseo-breadcrumb-separator\">&raquo;<\/span><span class=\"aioseo-breadcrumb\">\n\t\t\t<a href=\"https:\/\/www.paroisse-saint-melaine53.fr\/?cat=1\" title=\"Actualit\u00e9\">Actualit\u00e9<\/a>\n\t\t<\/span><span class=\"aioseo-breadcrumb-separator\">&raquo;<\/span><span class=\"aioseo-breadcrumb\">\n\t\t\tPremi\u00e8re des communions\n\t\t<\/span><\/div>","aioseo_breadcrumb_json":[{"label":"Domicile","link":"https:\/\/www.paroisse-saint-melaine53.fr"},{"label":"Accueil","link":"https:\/\/www.paroisse-saint-melaine53.fr\/?cat=36"},{"label":"Actualit\u00e9","link":"https:\/\/www.paroisse-saint-melaine53.fr\/?cat=1"},{"label":"Premi\u00e8re des communions","link":"https:\/\/www.paroisse-saint-melaine53.fr\/?p=5502"}],"author_meta":{"display_name":"Michel Foucher","author_link":"https:\/\/www.paroisse-saint-melaine53.fr\/?author=7"},"featured_img":"https:\/\/ml8u9mzc6rsf.i.optimole.com\/cb:Y0oE.2e511\/w:auto\/h:auto\/q:mauto\/f:best\/https:\/\/www.paroisse-saint-melaine53.fr\/wp-content\/uploads\/2026\/08\/Premiere-communion.jpg","coauthors":[],"tax_additional":{"categories":{"linked":["<a href=\"https:\/\/www.paroisse-saint-melaine53.fr\/?cat=1\" class=\"advgb-post-tax-term\">Actualit\u00e9<\/a>"],"unlinked":["<span class=\"advgb-post-tax-term\">Actualit\u00e9<\/span>"]}},"comment_count":"0","relative_dates":{"created":"Publi\u00e9 10 heures il y a","modified":"Mis \u00e0 jour 10 heures il y a"},"absolute_dates":{"created":"Publi\u00e9 le 31 ao\u00fbt 2026","modified":"Mise \u00e0 jour le 31 ao\u00fbt 2026"},"absolute_dates_time":{"created":"Publi\u00e9 le 31 ao\u00fbt 2026 20 h 20 min","modified":"Mise \u00e0 jour le 31 ao\u00fbt 2026 20 h 20 min"},"featured_img_caption":"","series_order":"","_links":{"self":[{"href":"https:\/\/www.paroisse-saint-melaine53.fr\/index.php?rest_route=\/wp\/v2\/posts\/5502","targetHints":{"allow":["GET"]}}],"collection":[{"href":"https:\/\/www.paroisse-saint-melaine53.fr\/index.php?rest_route=\/wp\/v2\/posts"}],"about":[{"href":"https:\/\/www.paroisse-saint-melaine53.fr\/index.php?rest_route=\/wp\/v2\/types\/post"}],"author":[{"embeddable":true,"href":"https:\/\/www.paroisse-saint-melaine53.fr\/index.php?rest_route=\/wp\/v2\/users\/7"}],"replies":[{"embeddable":true,"href":"https:\/\/www.paroisse-saint-melaine53.fr\/index.php?rest_route=%2Fwp%2Fv2%2Fcomments&post=5502"}],"version-history":[{"count":1,"href":"https:\/\/www.paroisse-saint-melaine53.fr\/index.php?rest_route=\/wp\/v2\/posts\/5502\/revisions"}],"predecessor-version":[{"id":5504,"href":"https:\/\/www.paroisse-saint-melaine53.fr\/index.php?rest_route=\/wp\/v2\/posts\/5502\/revisions\/5504"}],"wp:featuredmedia":[{"embeddable":true,"href":"https:\/\/www.paroisse-saint-melaine53.fr\/index.php?rest_route=\/wp\/v2\/media\/5501"}],"wp:attachment":[{"href":"https:\/\/www.paroisse-saint-melaine53.fr\/index.php?rest_route=%2Fwp%2Fv2%2Fmedia&parent=5502"}],"wp:term":[{"taxonomy":"category","embeddable":true,"href":"https:\/\/www.paroisse-saint-melaine53.fr\/index.php?rest_route=%2Fwp%2Fv2%2Fcategories&post=5502"},{"taxonomy":"post_tag","embeddable":true,"href":"https:\/\/www.paroisse-saint-melaine53.fr\/index.php?rest_route=%2Fwp%2Fv2%2Ftags&post=5502"}],"curies":[{"name":"wp","href":"https:\/\/api.w.org\/{rel}","templated":true}]}}