{"id":5507,"date":"2026-09-03T13:02:43","date_gmt":"2026-09-03T12:02:43","guid":{"rendered":"https:\/\/www.paroisse-saint-melaine53.fr\/?p=5507"},"modified":"2026-09-03T13:05:11","modified_gmt":"2026-09-03T12:05:11","slug":"benediction-des-cartables","status":"publish","type":"post","link":"https:\/\/www.paroisse-saint-melaine53.fr\/?p=5507","title":{"rendered":"B\u00e9n\u00e9diction des cartables"},"content":{"rendered":"\n<p class=\"wp-block-paragraph\"><\/p>\n\n\n\n<p class=\"wp-block-paragraph\">La b\u00e9n\u00e9diction des cartables est un rituel de rentr\u00e9e o\u00f9 le pr\u00eatre b\u00e9nit les sacs d&rsquo;\u00e9cole des enfants pour placer leur ann\u00e9e scolaire sous le regard de Dieu. Elle s&rsquo;inspire de la b\u00e9n\u00e9diction des outils de travail pour confier le quotidien, les efforts et les joies des \u00e9coliers.<br>Elle aide les \u00e9l\u00e8ves \u00e0 aborder l&rsquo;apprentissage avec confiance, calme et enthousiasme. [<a href=\"https:\/\/www.rcf.fr\/articles\/actualite\/la-benediction-des-cartables-une-tradition-dans-les-paroisses-francaises\">1<\/a>, <a href=\"https:\/\/diocesedelaval.fr\/la-benediction-des-cartables-une-tradition-pour-confier-lannee-a-dieu\/\">2<\/a>, <a href=\"http:\/\/pasto.ddec85.org\/wp-content\/uploads\/2012\/04\/170915_Celebrer_la_rentree_cycle1.pdf\">3<\/a>, <a href=\"https:\/\/www.eglisecatholique-ge.ch\/actualites\/rentree-scolaire-2026-27-benediction-des-cartables-et-des-enfants-artisans-de-paix\/\">4<\/a>, <a href=\"https:\/\/www.instagram.com\/reel\/DOOgWtPiL6Z\/\">5<\/a>, <a href=\"https:\/\/catechese.catholique.fr\/outils\/expositions-evenements\/1360-benediction-cartables-rentree-septembre\/\">6<\/a>]<\/p>\n\n\n\n<p class=\"has-text-align-center wp-block-paragraph\"><strong>SAMEDI 26 SEPTEMBRE \u00e0 18h30<\/strong><\/p>\n\n\n\n<p class=\"has-text-align-center wp-block-paragraph\"><strong>Eglise de Louvern\u00e9<\/strong><\/p>\n\n\n\n<p class=\"wp-block-paragraph\"><\/p>\n","protected":false},"excerpt":{"rendered":"<p>La b\u00e9n\u00e9diction des cartables est un rituel de rentr\u00e9e o\u00f9 le pr\u00eatre b\u00e9nit les sacs d&rsquo;\u00e9cole des enfants pour placer leur ann\u00e9e scolaire sous le regard de Dieu. Elle s&rsquo;inspire de la b\u00e9n\u00e9diction des outils de travail pour confier le quotidien, les efforts et les joies des \u00e9coliers.Elle aide les \u00e9l\u00e8ves \u00e0 aborder l&rsquo;apprentissage avec&hellip;&nbsp;<a href=\"https:\/\/www.paroisse-saint-melaine53.fr\/?p=5507\" rel=\"bookmark\">Lire la suite &raquo;<span class=\"screen-reader-text\">B\u00e9n\u00e9diction des cartables<\/span><\/a><\/p>\n","protected":false},"author":7,"featured_media":5506,"comment_status":"closed","ping_status":"closed","sticky":false,"template":"","format":"standard","meta":{"_acf_changed":false,"advgb_blocks_editor_width":"","advgb_blocks_columns_visual_guide":"","_monsterinsights_skip_tracking":false,"neve_meta_sidebar":"","neve_meta_container":"","neve_meta_enable_content_width":"","neve_meta_content_width":0,"neve_meta_title_alignment":"","neve_meta_author_avatar":"","neve_post_elements_order":"","neve_meta_disable_header":"","neve_meta_disable_footer":"","neve_meta_disable_title":"","footnotes":"","_members_access_role":[],"_members_access_error":""},"categories":[1],"tags":[],"class_list":["post-5507","post","type-post","status-publish","format-standard","has-post-thumbnail","hentry","category-actu"],"acf":[],"aioseo_notices":[],"aioseo_head":"\n\t\t<!-- All in One SEO 5.0.1.1 - aioseo.com -->\n\t<meta name=\"description\" content=\"La b\u00e9n\u00e9diction des cartables est un rituel de rentr\u00e9e o\u00f9 le pr\u00eatre b\u00e9nit les sacs d&#039;\u00e9cole des enfants pour placer leur ann\u00e9e scolaire sous le regard de Dieu. Elle s&#039;inspire de la b\u00e9n\u00e9diction des outils de travail pour confier le quotidien, les efforts et les joies des \u00e9coliers.Elle aide les \u00e9l\u00e8ves \u00e0 aborder l&#039;apprentissage avec\" \/>\n\t<meta name=\"robots\" content=\"max-image-preview:large\" \/>\n\t<meta name=\"author\" content=\"Michel Foucher\"\/>\n\t<link rel=\"canonical\" href=\"https:\/\/www.paroisse-saint-melaine53.fr\/?p=5507\" \/>\n\t<meta name=\"generator\" content=\"All in One SEO (AIOSEO) 5.0.1.1\" \/>\n\t\t<meta property=\"og:locale\" content=\"fr_FR\" \/>\n\t\t<meta property=\"og:site_name\" content=\"Paroisse Saint-Melaine en Val de Jouanne -\" \/>\n\t\t<meta property=\"og:type\" content=\"article\" \/>\n\t\t<meta property=\"og:title\" content=\"B\u00e9n\u00e9diction des cartables - Paroisse Saint-Melaine en Val de Jouanne\" \/>\n\t\t<meta property=\"og:description\" content=\"La b\u00e9n\u00e9diction des cartables est un rituel de rentr\u00e9e o\u00f9 le pr\u00eatre b\u00e9nit les sacs d&#039;\u00e9cole des enfants pour placer leur ann\u00e9e scolaire sous le regard de Dieu. Elle s&#039;inspire de la b\u00e9n\u00e9diction des outils de travail pour confier le quotidien, les efforts et les joies des \u00e9coliers.Elle aide les \u00e9l\u00e8ves \u00e0 aborder l&#039;apprentissage avec\" \/>\n\t\t<meta property=\"og:url\" content=\"https:\/\/www.paroisse-saint-melaine53.fr\/?p=5507\" \/>\n\t\t<meta property=\"article:published_time\" content=\"2026-09-03T12:02:43+00:00\" \/>\n\t\t<meta property=\"article:modified_time\" content=\"2026-09-03T12:05:11+00:00\" \/>\n\t\t<meta name=\"twitter:card\" content=\"summary_large_image\" \/>\n\t\t<meta name=\"twitter:title\" content=\"B\u00e9n\u00e9diction des cartables - Paroisse Saint-Melaine en Val de Jouanne\" \/>\n\t\t<meta name=\"twitter:description\" content=\"La b\u00e9n\u00e9diction des cartables est un rituel de rentr\u00e9e o\u00f9 le pr\u00eatre b\u00e9nit les sacs d&#039;\u00e9cole des enfants pour placer leur ann\u00e9e scolaire sous le regard de Dieu. Elle s&#039;inspire de la b\u00e9n\u00e9diction des outils de travail pour confier le quotidien, les efforts et les joies des \u00e9coliers.Elle aide les \u00e9l\u00e8ves \u00e0 aborder l&#039;apprentissage avec\" \/>\n\t\t<script type=\"application\/ld+json\" class=\"aioseo-schema\">\n\t\t\t{\"@context\":\"https:\\\/\\\/schema.org\",\"@graph\":[{\"@type\":\"BlogPosting\",\"@id\":\"https:\\\/\\\/www.paroisse-saint-melaine53.fr\\\/?p=5507#blogposting\",\"name\":\"B\\u00e9n\\u00e9diction des cartables - Paroisse Saint-Melaine en Val de Jouanne\",\"headline\":\"B\\u00e9n\\u00e9diction des cartables\",\"author\":{\"@id\":\"https:\\\/\\\/www.paroisse-saint-melaine53.fr\\\/?author=7#author\"},\"publisher\":{\"@id\":\"https:\\\/\\\/www.paroisse-saint-melaine53.fr\\\/#organization\"},\"image\":{\"@type\":\"ImageObject\",\"url\":\"https:\\/\\/www.paroisse-saint-melaine53.fr\\/wp-content\\/uploads\\/2026\\/09\\/Benediction-des-Cartables.png\",\"width\":1024,\"height\":1536},\"datePublished\":\"2026-09-03T13:02:43+01:00\",\"dateModified\":\"2026-09-03T13:05:11+01:00\",\"inLanguage\":\"fr-FR\",\"mainEntityOfPage\":{\"@id\":\"https:\\\/\\\/www.paroisse-saint-melaine53.fr\\\/?p=5507#webpage\"},\"isPartOf\":{\"@id\":\"https:\\\/\\\/www.paroisse-saint-melaine53.fr\\\/?p=5507#webpage\"},\"articleSection\":\"Actualit\\u00e9\"},{\"@type\":\"BreadcrumbList\",\"@id\":\"https:\\\/\\\/www.paroisse-saint-melaine53.fr\\\/?p=5507#breadcrumblist\",\"itemListElement\":[{\"@type\":\"ListItem\",\"@id\":\"https:\\\/\\\/www.paroisse-saint-melaine53.fr#listItem\",\"position\":1,\"name\":\"Domicile\",\"item\":\"https:\\\/\\\/www.paroisse-saint-melaine53.fr\",\"nextItem\":{\"@type\":\"ListItem\",\"@id\":\"https:\\\/\\\/www.paroisse-saint-melaine53.fr\\\/?cat=36#listItem\",\"name\":\"Accueil\"}},{\"@type\":\"ListItem\",\"@id\":\"https:\\\/\\\/www.paroisse-saint-melaine53.fr\\\/?cat=36#listItem\",\"position\":2,\"name\":\"Accueil\",\"item\":\"https:\\\/\\\/www.paroisse-saint-melaine53.fr\\\/?cat=36\",\"nextItem\":{\"@type\":\"ListItem\",\"@id\":\"https:\\\/\\\/www.paroisse-saint-melaine53.fr\\\/?cat=1#listItem\",\"name\":\"Actualit\\u00e9\"},\"previousItem\":{\"@type\":\"ListItem\",\"@id\":\"https:\\\/\\\/www.paroisse-saint-melaine53.fr#listItem\",\"name\":\"Domicile\"}},{\"@type\":\"ListItem\",\"@id\":\"https:\\\/\\\/www.paroisse-saint-melaine53.fr\\\/?cat=1#listItem\",\"position\":3,\"name\":\"Actualit\\u00e9\",\"item\":\"https:\\\/\\\/www.paroisse-saint-melaine53.fr\\\/?cat=1\",\"nextItem\":{\"@type\":\"ListItem\",\"@id\":\"https:\\\/\\\/www.paroisse-saint-melaine53.fr\\\/?p=5507#listItem\",\"name\":\"B\\u00e9n\\u00e9diction des cartables\"},\"previousItem\":{\"@type\":\"ListItem\",\"@id\":\"https:\\\/\\\/www.paroisse-saint-melaine53.fr\\\/?cat=36#listItem\",\"name\":\"Accueil\"}},{\"@type\":\"ListItem\",\"@id\":\"https:\\\/\\\/www.paroisse-saint-melaine53.fr\\\/?p=5507#listItem\",\"position\":4,\"name\":\"B\\u00e9n\\u00e9diction des cartables\",\"previousItem\":{\"@type\":\"ListItem\",\"@id\":\"https:\\\/\\\/www.paroisse-saint-melaine53.fr\\\/?cat=1#listItem\",\"name\":\"Actualit\\u00e9\"}}]},{\"@type\":\"Organization\",\"@id\":\"https:\\\/\\\/www.paroisse-saint-melaine53.fr\\\/#organization\",\"name\":\"Paroisse Saint-Melaine en Val de Jouanne\",\"url\":\"https:\\\/\\\/www.paroisse-saint-melaine53.fr\\\/\"},{\"@type\":\"Person\",\"@id\":\"https:\\\/\\\/www.paroisse-saint-melaine53.fr\\\/?author=7#author\",\"url\":\"https:\\\/\\\/www.paroisse-saint-melaine53.fr\\\/?author=7\",\"name\":\"Michel Foucher\",\"image\":{\"@type\":\"ImageObject\",\"@id\":\"https:\\\/\\\/www.paroisse-saint-melaine53.fr\\\/?p=5507#authorImage\",\"url\":\"https:\\\/\\\/secure.gravatar.com\\\/avatar\\\/a5ca74dfcf07a8a3866e670263a850baca7efd73b0cbc504c8454d45098f55d2?s=96&d=mm&r=g\",\"width\":96,\"height\":96,\"caption\":\"Michel Foucher\"}},{\"@type\":\"WebPage\",\"@id\":\"https:\\\/\\\/www.paroisse-saint-melaine53.fr\\\/?p=5507#webpage\",\"url\":\"https:\\\/\\\/www.paroisse-saint-melaine53.fr\\\/?p=5507\",\"name\":\"B\\u00e9n\\u00e9diction des cartables - Paroisse Saint-Melaine en Val de Jouanne\",\"description\":\"La b\\u00e9n\\u00e9diction des cartables est un rituel de rentr\\u00e9e o\\u00f9 le pr\\u00eatre b\\u00e9nit les sacs d'\\u00e9cole des enfants pour placer leur ann\\u00e9e scolaire sous le regard de Dieu. Elle s'inspire de la b\\u00e9n\\u00e9diction des outils de travail pour confier le quotidien, les efforts et les joies des \\u00e9coliers.Elle aide les \\u00e9l\\u00e8ves \\u00e0 aborder l'apprentissage avec\",\"inLanguage\":\"fr-FR\",\"isPartOf\":{\"@id\":\"https:\\\/\\\/www.paroisse-saint-melaine53.fr\\\/#website\"},\"breadcrumb\":{\"@id\":\"https:\\\/\\\/www.paroisse-saint-melaine53.fr\\\/?p=5507#breadcrumblist\"},\"author\":{\"@id\":\"https:\\\/\\\/www.paroisse-saint-melaine53.fr\\\/?author=7#author\"},\"creator\":{\"@id\":\"https:\\\/\\\/www.paroisse-saint-melaine53.fr\\\/?author=7#author\"},\"image\":{\"@type\":\"ImageObject\",\"url\":\"https:\\/\\/www.paroisse-saint-melaine53.fr\\/wp-content\\/uploads\\/2026\\/09\\/Benediction-des-Cartables.png\",\"@id\":\"https:\\\/\\\/www.paroisse-saint-melaine53.fr\\\/?p=5507\\\/#mainImage\",\"width\":1024,\"height\":1536},\"primaryImageOfPage\":{\"@id\":\"https:\\\/\\\/www.paroisse-saint-melaine53.fr\\\/?p=5507#mainImage\"},\"datePublished\":\"2026-09-03T13:02:43+01:00\",\"dateModified\":\"2026-09-03T13:05:11+01:00\"},{\"@type\":\"WebSite\",\"@id\":\"https:\\\/\\\/www.paroisse-saint-melaine53.fr\\\/#website\",\"url\":\"https:\\\/\\\/www.paroisse-saint-melaine53.fr\\\/\",\"name\":\"Paroisse Saint-Melaine en Val de Jouanne\",\"inLanguage\":\"fr-FR\",\"publisher\":{\"@id\":\"https:\\\/\\\/www.paroisse-saint-melaine53.fr\\\/#organization\"}}]}\n\t\t<\/script>\n\t\t<!-- All in One SEO -->\n\n","aioseo_head_json":{"title":"B\u00e9n\u00e9diction des cartables - Paroisse Saint-Melaine en Val de Jouanne","description":"La b\u00e9n\u00e9diction des cartables est un rituel de rentr\u00e9e o\u00f9 le pr\u00eatre b\u00e9nit les sacs d'\u00e9cole des enfants pour placer leur ann\u00e9e scolaire sous le regard de Dieu. Elle s'inspire de la b\u00e9n\u00e9diction des outils de travail pour confier le quotidien, les efforts et les joies des \u00e9coliers.Elle aide les \u00e9l\u00e8ves \u00e0 aborder l'apprentissage avec","canonical_url":"https:\/\/www.paroisse-saint-melaine53.fr\/?p=5507","robots":"max-image-preview:large","keywords":"","webmasterTools":{"miscellaneous":""},"schema":{"@context":"https:\/\/schema.org","@graph":[{"@type":"BlogPosting","@id":"https:\/\/www.paroisse-saint-melaine53.fr\/?p=5507#blogposting","name":"B\u00e9n\u00e9diction des cartables - Paroisse Saint-Melaine en Val de Jouanne","headline":"B\u00e9n\u00e9diction des cartables","author":{"@id":"https:\/\/www.paroisse-saint-melaine53.fr\/?author=7#author"},"publisher":{"@id":"https:\/\/www.paroisse-saint-melaine53.fr\/#organization"},"image":{"@type":"ImageObject","url":"https:\/\/ml8u9mzc6rsf.i.optimole.com\/cb:Y0oE.2e511\/w:auto\/h:auto\/q:mauto\/f:best\/https:\/\/www.paroisse-saint-melaine53.fr\/wp-content\/uploads\/2026\/09\/Benediction-des-Cartables.png","width":1024,"height":1536},"datePublished":"2026-09-03T13:02:43+01:00","dateModified":"2026-09-03T13:05:11+01:00","inLanguage":"fr-FR","mainEntityOfPage":{"@id":"https:\/\/www.paroisse-saint-melaine53.fr\/?p=5507#webpage"},"isPartOf":{"@id":"https:\/\/www.paroisse-saint-melaine53.fr\/?p=5507#webpage"},"articleSection":"Actualit\u00e9"},{"@type":"BreadcrumbList","@id":"https:\/\/www.paroisse-saint-melaine53.fr\/?p=5507#breadcrumblist","itemListElement":[{"@type":"ListItem","@id":"https:\/\/www.paroisse-saint-melaine53.fr#listItem","position":1,"name":"Domicile","item":"https:\/\/www.paroisse-saint-melaine53.fr","nextItem":{"@type":"ListItem","@id":"https:\/\/www.paroisse-saint-melaine53.fr\/?cat=36#listItem","name":"Accueil"}},{"@type":"ListItem","@id":"https:\/\/www.paroisse-saint-melaine53.fr\/?cat=36#listItem","position":2,"name":"Accueil","item":"https:\/\/www.paroisse-saint-melaine53.fr\/?cat=36","nextItem":{"@type":"ListItem","@id":"https:\/\/www.paroisse-saint-melaine53.fr\/?cat=1#listItem","name":"Actualit\u00e9"},"previousItem":{"@type":"ListItem","@id":"https:\/\/www.paroisse-saint-melaine53.fr#listItem","name":"Domicile"}},{"@type":"ListItem","@id":"https:\/\/www.paroisse-saint-melaine53.fr\/?cat=1#listItem","position":3,"name":"Actualit\u00e9","item":"https:\/\/www.paroisse-saint-melaine53.fr\/?cat=1","nextItem":{"@type":"ListItem","@id":"https:\/\/www.paroisse-saint-melaine53.fr\/?p=5507#listItem","name":"B\u00e9n\u00e9diction des cartables"},"previousItem":{"@type":"ListItem","@id":"https:\/\/www.paroisse-saint-melaine53.fr\/?cat=36#listItem","name":"Accueil"}},{"@type":"ListItem","@id":"https:\/\/www.paroisse-saint-melaine53.fr\/?p=5507#listItem","position":4,"name":"B\u00e9n\u00e9diction des cartables","previousItem":{"@type":"ListItem","@id":"https:\/\/www.paroisse-saint-melaine53.fr\/?cat=1#listItem","name":"Actualit\u00e9"}}]},{"@type":"Organization","@id":"https:\/\/www.paroisse-saint-melaine53.fr\/#organization","name":"Paroisse Saint-Melaine en Val de Jouanne","url":"https:\/\/www.paroisse-saint-melaine53.fr\/"},{"@type":"Person","@id":"https:\/\/www.paroisse-saint-melaine53.fr\/?author=7#author","url":"https:\/\/www.paroisse-saint-melaine53.fr\/?author=7","name":"Michel Foucher","image":{"@type":"ImageObject","@id":"https:\/\/www.paroisse-saint-melaine53.fr\/?p=5507#authorImage","url":"https:\/\/secure.gravatar.com\/avatar\/a5ca74dfcf07a8a3866e670263a850baca7efd73b0cbc504c8454d45098f55d2?s=96&d=mm&r=g","width":96,"height":96,"caption":"Michel Foucher"}},{"@type":"WebPage","@id":"https:\/\/www.paroisse-saint-melaine53.fr\/?p=5507#webpage","url":"https:\/\/www.paroisse-saint-melaine53.fr\/?p=5507","name":"B\u00e9n\u00e9diction des cartables - Paroisse Saint-Melaine en Val de Jouanne","description":"La b\u00e9n\u00e9diction des cartables est un rituel de rentr\u00e9e o\u00f9 le pr\u00eatre b\u00e9nit les sacs d'\u00e9cole des enfants pour placer leur ann\u00e9e scolaire sous le regard de Dieu. Elle s'inspire de la b\u00e9n\u00e9diction des outils de travail pour confier le quotidien, les efforts et les joies des \u00e9coliers.Elle aide les \u00e9l\u00e8ves \u00e0 aborder l'apprentissage avec","inLanguage":"fr-FR","isPartOf":{"@id":"https:\/\/www.paroisse-saint-melaine53.fr\/#website"},"breadcrumb":{"@id":"https:\/\/www.paroisse-saint-melaine53.fr\/?p=5507#breadcrumblist"},"author":{"@id":"https:\/\/www.paroisse-saint-melaine53.fr\/?author=7#author"},"creator":{"@id":"https:\/\/www.paroisse-saint-melaine53.fr\/?author=7#author"},"image":{"@type":"ImageObject","url":"https:\/\/ml8u9mzc6rsf.i.optimole.com\/cb:Y0oE.2e511\/w:auto\/h:auto\/q:mauto\/f:best\/https:\/\/www.paroisse-saint-melaine53.fr\/wp-content\/uploads\/2026\/09\/Benediction-des-Cartables.png","@id":"https:\/\/www.paroisse-saint-melaine53.fr\/?p=5507\/#mainImage","width":1024,"height":1536},"primaryImageOfPage":{"@id":"https:\/\/www.paroisse-saint-melaine53.fr\/?p=5507#mainImage"},"datePublished":"2026-09-03T13:02:43+01:00","dateModified":"2026-09-03T13:05:11+01:00"},{"@type":"WebSite","@id":"https:\/\/www.paroisse-saint-melaine53.fr\/#website","url":"https:\/\/www.paroisse-saint-melaine53.fr\/","name":"Paroisse Saint-Melaine en Val de Jouanne","inLanguage":"fr-FR","publisher":{"@id":"https:\/\/www.paroisse-saint-melaine53.fr\/#organization"}}]},"og:locale":"fr_FR","og:site_name":"Paroisse Saint-Melaine en Val de Jouanne -","og:type":"article","og:title":"B\u00e9n\u00e9diction des cartables - Paroisse Saint-Melaine en Val de Jouanne","og:description":"La b\u00e9n\u00e9diction des cartables est un rituel de rentr\u00e9e o\u00f9 le pr\u00eatre b\u00e9nit les sacs d'\u00e9cole des enfants pour placer leur ann\u00e9e scolaire sous le regard de Dieu. Elle s'inspire de la b\u00e9n\u00e9diction des outils de travail pour confier le quotidien, les efforts et les joies des \u00e9coliers.Elle aide les \u00e9l\u00e8ves \u00e0 aborder l'apprentissage avec","og:url":"https:\/\/www.paroisse-saint-melaine53.fr\/?p=5507","article:published_time":"2026-09-03T12:02:43+00:00","article:modified_time":"2026-09-03T12:05:11+00:00","twitter:card":"summary_large_image","twitter:title":"B\u00e9n\u00e9diction des cartables - Paroisse Saint-Melaine en Val de Jouanne","twitter:description":"La b\u00e9n\u00e9diction des cartables est un rituel de rentr\u00e9e o\u00f9 le pr\u00eatre b\u00e9nit les sacs d'\u00e9cole des enfants pour placer leur ann\u00e9e scolaire sous le regard de Dieu. Elle s'inspire de la b\u00e9n\u00e9diction des outils de travail pour confier le quotidien, les efforts et les joies des \u00e9coliers.Elle aide les \u00e9l\u00e8ves \u00e0 aborder l'apprentissage avec"},"aioseo_meta_data":{"post_id":"5507","title":null,"description":null,"keywords":null,"keyphrases":{"focus":{"keyphrase":"","score":0,"analysis":{"keyphraseInTitle":{"score":0,"maxScore":9,"error":1}}},"additional":[]},"primary_term":null,"canonical_url":null,"og_title":null,"og_description":null,"og_object_type":"default","og_image_type":"default","og_image_url":null,"og_image_width":null,"og_image_height":null,"og_image_custom_url":null,"og_image_custom_fields":null,"og_video":"","og_custom_url":null,"og_article_section":null,"og_article_tags":null,"twitter_use_og":false,"twitter_card":"default","twitter_image_type":"default","twitter_image_url":null,"twitter_image_custom_url":null,"twitter_image_custom_fields":null,"twitter_title":null,"twitter_description":null,"schema":{"blockGraphs":[],"customGraphs":[],"default":{"data":{"Article":[],"Course":[],"Dataset":[],"FAQPage":[],"Movie":[],"Person":[],"Product":[],"ProductReview":[],"Car":[],"Recipe":[],"Service":[],"SoftwareApplication":[],"WebPage":[]},"graphName":"BlogPosting","isEnabled":true},"graphs":[]},"schema_type":"default","schema_type_options":null,"pillar_content":false,"robots_default":true,"robots_noindex":false,"robots_noarchive":false,"robots_nosnippet":false,"robots_nofollow":false,"robots_noimageindex":false,"robots_noodp":false,"robots_notranslate":false,"robots_max_snippet":"-1","robots_max_videopreview":"-1","robots_max_imagepreview":"large","priority":null,"frequency":"default","local_seo":null,"breadcrumb_settings":null,"limit_modified_date":false,"ai":{"faqs":[],"keyPoints":[],"schemas":[],"titles":[],"descriptions":[],"socialPosts":{"email":{"subject":"","preview":"","content":""},"linkedin":[],"twitter":[],"facebook":[],"instagram":[]}},"created":"2026-09-03 12:02:46","updated":"2026-09-03 12:58:07","seo_analyzer_scan_date":null,"focus_keyword":null,"additional_keywords":null,"truseo_locale":null},"aioseo_breadcrumb":"<div class=\"aioseo-breadcrumbs\"><span class=\"aioseo-breadcrumb\">\n\t\t\t<a href=\"https:\/\/www.paroisse-saint-melaine53.fr\" title=\"Domicile\">Domicile<\/a>\n\t\t<\/span><span class=\"aioseo-breadcrumb-separator\">&raquo;<\/span><span class=\"aioseo-breadcrumb\">\n\t\t\t<a href=\"https:\/\/www.paroisse-saint-melaine53.fr\/?cat=36\" title=\"Accueil\">Accueil<\/a>\n\t\t<\/span><span class=\"aioseo-breadcrumb-separator\">&raquo;<\/span><span class=\"aioseo-breadcrumb\">\n\t\t\t<a href=\"https:\/\/www.paroisse-saint-melaine53.fr\/?cat=1\" title=\"Actualit\u00e9\">Actualit\u00e9<\/a>\n\t\t<\/span><span class=\"aioseo-breadcrumb-separator\">&raquo;<\/span><span class=\"aioseo-breadcrumb\">\n\t\t\tB\u00e9n\u00e9diction des cartables\n\t\t<\/span><\/div>","aioseo_breadcrumb_json":[{"label":"Domicile","link":"https:\/\/www.paroisse-saint-melaine53.fr"},{"label":"Accueil","link":"https:\/\/www.paroisse-saint-melaine53.fr\/?cat=36"},{"label":"Actualit\u00e9","link":"https:\/\/www.paroisse-saint-melaine53.fr\/?cat=1"},{"label":"B\u00e9n\u00e9diction des cartables","link":"https:\/\/www.paroisse-saint-melaine53.fr\/?p=5507"}],"author_meta":{"display_name":"Michel Foucher","author_link":"https:\/\/www.paroisse-saint-melaine53.fr\/?author=7"},"featured_img":"https:\/\/ml8u9mzc6rsf.i.optimole.com\/cb:Y0oE.2e511\/w:595\/h:893\/q:mauto\/f:best\/https:\/\/www.paroisse-saint-melaine53.fr\/wp-content\/uploads\/2026\/09\/Benediction-des-Cartables.png","coauthors":[],"tax_additional":{"categories":{"linked":["<a href=\"https:\/\/www.paroisse-saint-melaine53.fr\/?cat=1\" class=\"advgb-post-tax-term\">Actualit\u00e9<\/a>"],"unlinked":["<span class=\"advgb-post-tax-term\">Actualit\u00e9<\/span>"]}},"comment_count":"0","relative_dates":{"created":"Publi\u00e9 17 heures il y a","modified":"Mis \u00e0 jour 17 heures il y a"},"absolute_dates":{"created":"Publi\u00e9 le 3 septembre 2026","modified":"Mise \u00e0 jour le 3 septembre 2026"},"absolute_dates_time":{"created":"Publi\u00e9 le 3 septembre 2026 13 h 02 min","modified":"Mise \u00e0 jour le 3 septembre 2026 13 h 05 min"},"featured_img_caption":"","series_order":"","_links":{"self":[{"href":"https:\/\/www.paroisse-saint-melaine53.fr\/index.php?rest_route=\/wp\/v2\/posts\/5507","targetHints":{"allow":["GET"]}}],"collection":[{"href":"https:\/\/www.paroisse-saint-melaine53.fr\/index.php?rest_route=\/wp\/v2\/posts"}],"about":[{"href":"https:\/\/www.paroisse-saint-melaine53.fr\/index.php?rest_route=\/wp\/v2\/types\/post"}],"author":[{"embeddable":true,"href":"https:\/\/www.paroisse-saint-melaine53.fr\/index.php?rest_route=\/wp\/v2\/users\/7"}],"replies":[{"embeddable":true,"href":"https:\/\/www.paroisse-saint-melaine53.fr\/index.php?rest_route=%2Fwp%2Fv2%2Fcomments&post=5507"}],"version-history":[{"count":2,"href":"https:\/\/www.paroisse-saint-melaine53.fr\/index.php?rest_route=\/wp\/v2\/posts\/5507\/revisions"}],"predecessor-version":[{"id":5510,"href":"https:\/\/www.paroisse-saint-melaine53.fr\/index.php?rest_route=\/wp\/v2\/posts\/5507\/revisions\/5510"}],"wp:featuredmedia":[{"embeddable":true,"href":"https:\/\/www.paroisse-saint-melaine53.fr\/index.php?rest_route=\/wp\/v2\/media\/5506"}],"wp:attachment":[{"href":"https:\/\/www.paroisse-saint-melaine53.fr\/index.php?rest_route=%2Fwp%2Fv2%2Fmedia&parent=5507"}],"wp:term":[{"taxonomy":"category","embeddable":true,"href":"https:\/\/www.paroisse-saint-melaine53.fr\/index.php?rest_route=%2Fwp%2Fv2%2Fcategories&post=5507"},{"taxonomy":"post_tag","embeddable":true,"href":"https:\/\/www.paroisse-saint-melaine53.fr\/index.php?rest_route=%2Fwp%2Fv2%2Ftags&post=5507"}],"curies":[{"name":"wp","href":"https:\/\/api.w.org\/{rel}","templated":true}]}}